{"id":269,"date":"2024-07-11T23:35:34","date_gmt":"2024-07-11T21:35:34","guid":{"rendered":"https:\/\/wordpress86.gcms.verdigado.net\/?p=269"},"modified":"2024-10-18T23:37:14","modified_gmt":"2024-10-18T21:37:14","slug":"ausgang-der-bergedorfer-bezirkswahlen-2024","status":"publish","type":"post","link":"https:\/\/gruene-bergedorf.de\/index.php\/2024\/07\/11\/ausgang-der-bergedorfer-bezirkswahlen-2024\/","title":{"rendered":"Ausgang der Bergedorfer Bezirkswahlen 2024\u00a0"},"content":{"rendered":"\n<p><strong>14,6% f\u00fcr die Bergedorfer GR\u00dcNEN\u00a0<\/strong><\/p>\n\n\n\n<p>Am 9. Juni haben die Bergedorfer*innen eine neue Bezirksversammlung gew\u00e4hlt.<\/p>\n\n\n\n<p>Der Gr\u00fcne Kreisvorstand und die Spitzenkandidat*innen der Fraktion kommentieren.<\/p>\n\n\n\n<p><strong>Dazu Nils Potthast, Spitzenkandidat und Direkgew\u00e4hlter in Lohbr\u00fcgge II:<\/strong><\/p>\n\n\n\n<p><em>\u201eAn erster Stelle m\u00f6chten wir allen W\u00e4hler*innen ein herzliches Dankesch\u00f6n aussprechen f\u00fcr 14,6 Prozent! Sieben Abgeordnete in der Bergedorfer Bezirksversammlung! Wir sind tief ber\u00fchrt von der breiten Unterst\u00fctzung, die wir trotz globaler Herausforderungen und polarisierter Debatten erfahren d\u00fcrfen.<\/em><\/p>\n\n\n\n<p><em>Den Schutz unserer Demokratie und ihrer Werte sehen wir als unsere zentrale Aufgabe an. In einer Zeit, in der demokratische Werte weltweit unter Druck stehen, ist es umso wichtiger, dass wir gemeinsam f\u00fcr eine offene und inklusive Gesellschaft k\u00e4mpfen.<\/em><\/p>\n\n\n\n<p><em>Wir sind fest entschlossen, die Herausforderungen der Gegenwart und Zukunft mit Mut und Tatkraft anzugehen. Dabei setzen wir uns f\u00fcr den Dialog und die st\u00e4rkere Beteiligung von B\u00fcrger*innen ein, um gemeinsam tragf\u00e4hige L\u00f6sungen zu entwickeln und umzusetzen.Unser Einsatz f\u00fcr den Klimaschutz und soziale Gerechtigkeit geht Hand in Hand mit unserem Engagement f\u00fcr demokratische Werte.<\/em><\/p>\n\n\n\n<p><em>Diese Wahl muss alle Demokrat*innen zutiefst beunruhigen. Als verl\u00e4ngerter Arm des Kremls s\u00e4en rechtsextremistische Kr\u00e4fte Hass und Desinformation. Die AfD stellt unsere Demokratie offen in Frage und gef\u00e4hrdet mit ihrer Politik den Wohlstand und die Stabilit\u00e4t unseres Wirtschaftsstandorts. Konkret ist sie in Bergedorf ohne erkennbar beschlossenes Programm oder Darstellung der Kandidaten angetreten und hat dennoch viele Stimmen gewinnen k\u00f6nnen.\u00a0<\/em><\/p>\n\n\n\n<p><em>Wir stehen f\u00fcr stabile demokratische Mehrheiten, die in der Lage sind, die echten Probleme unserer Gesellschaft anzugehen und zu l\u00f6sen. In Zeiten politischer Unsicherheit und gesellschaftlicher Herausforderungen ist es wichtiger denn je, eine klare und verl\u00e4ssliche Politik zu verfolgen, die auf den Werten der Demokratie und des Gemeinwohls basiert.\u201c<\/em><\/p>\n\n\n\n<p><strong>Dazu Christian Bucher, Co-Vorsitzender des Kreisverbandes:<\/strong><\/p>\n\n\n\n<p><em>&#8222;Wir danken allen W\u00e4hler*innen, die uns ihre Stimme gegeben haben, herzlich. Auch wenn wir, wie in ganz Hamburg Verluste hinnehmen mussten, sind wir stolz auf unser Engagement. Unser besonderer Dank gilt den Kandidat*innen, die mit Leidenschaft f\u00fcr unsere gemeinsamen Ziele gek\u00e4mpft haben und beeindruckende Arbeit geleistet haben.<\/em><\/p>\n\n\n\n<p><em>Auch den W\u00e4hler*innen danken wir f\u00fcr ihr Vertrauen in uns und unsere Vision f\u00fcr Bergedorf. Euer Vertrauen ist f\u00fcr uns Ansporn, weiterhin eine starke demokratische Kraft in Hamburg und Europa zu sein. Wir blicken zuversichtlich auf die kommenden f\u00fcnf Jahre. Gemeinsam werden wir Bergedorf nachhaltig und gerecht gestalten. Wir freuen uns auf erfolgreiche Bezirkspolitik und die M\u00f6glichkeit im Bezirk weiter gestalten zu k\u00f6nnen.&#8220;<\/em><\/p>\n","protected":false},"excerpt":{"rendered":"<p>14,6% f\u00fcr die Bergedorfer GR\u00dcNEN\u00a0 Am 9. Juni haben die Bergedorfer*innen eine neue Bezirksversammlung gew\u00e4hlt&#8230;.<\/p>\n","protected":false},"author":-1,"featured_media":0,"comment_status":"open","ping_status":"open","sticky":false,"template":"","format":"standard","meta":{"footnotes":""},"categories":[5],"tags":[],"class_list":["post-269","post","type-post","status-publish","format-standard","hentry","category-partei"],"_links":{"self":[{"href":"https:\/\/gruene-bergedorf.de\/index.php\/wp-json\/wp\/v2\/posts\/269","targetHints":{"allow":["GET"]}}],"collection":[{"href":"https:\/\/gruene-bergedorf.de\/index.php\/wp-json\/wp\/v2\/posts"}],"about":[{"href":"https:\/\/gruene-bergedorf.de\/index.php\/wp-json\/wp\/v2\/types\/post"}],"author":[{"embeddable":true,"href":"https:\/\/gruene-bergedorf.de\/index.php\/wp-json\/wp\/v2\/users\/3"}],"replies":[{"embeddable":true,"href":"https:\/\/gruene-bergedorf.de\/index.php\/wp-json\/wp\/v2\/comments?post=269"}],"version-history":[{"count":1,"href":"https:\/\/gruene-bergedorf.de\/index.php\/wp-json\/wp\/v2\/posts\/269\/revisions"}],"predecessor-version":[{"id":270,"href":"https:\/\/gruene-bergedorf.de\/index.php\/wp-json\/wp\/v2\/posts\/269\/revisions\/270"}],"wp:attachment":[{"href":"https:\/\/gruene-bergedorf.de\/index.php\/wp-json\/wp\/v2\/media?parent=269"}],"wp:term":[{"taxonomy":"category","embeddable":true,"href":"https:\/\/gruene-bergedorf.de\/index.php\/wp-json\/wp\/v2\/categories?post=269"},{"taxonomy":"post_tag","embeddable":true,"href":"https:\/\/gruene-bergedorf.de\/index.php\/wp-json\/wp\/v2\/tags?post=269"}],"curies":[{"name":"wp","href":"https:\/\/api.w.org\/{rel}","templated":true}]}}