{"id":2654,"date":"2026-04-30T13:08:50","date_gmt":"2026-04-30T11:08:50","guid":{"rendered":"https:\/\/gruene-bergedorf.de\/?p=2654"},"modified":"2026-04-30T13:35:39","modified_gmt":"2026-04-30T11:35:39","slug":"vollstaendige-tankfuellung-versickert-in-illegal-beparkter-gruenflaeche","status":"publish","type":"post","link":"https:\/\/gruene-bergedorf.de\/index.php\/2026\/04\/30\/vollstaendige-tankfuellung-versickert-in-illegal-beparkter-gruenflaeche\/","title":{"rendered":"Vollst\u00e4ndige Tankf\u00fcllung versickert in illegal beparkter Gr\u00fcnfl\u00e4che"},"content":{"rendered":"\n<p><strong><strong>Am Abend des 29. April 2026 kam es im Walter-Rudolphi-Weg auf H\u00f6he der Otto-Grot-Stra\u00dfe 35\u201351 zu einer erheblichen Verunreinigung durch Dieseltreibstoff, die heute gegen 9:30 Uhr durch Polizei und Feuerwehr gesichtet wurde. Der Vorfall ereignete sich auf einer Gr\u00fcnfl\u00e4che, die dauerhaft illegal beparkt wird.<\/strong><br><\/strong><\/p>\n\n\n\n<p>\u201eAnwohnerinnen und Anwohner beobachten das Parken von LKW, Transportern, Wohnwagen und Wohnmobilen schon eine Weile argw\u00f6hnisch\u201c, erkl\u00e4rt Anke Bendt-Soetedjo, Bezirksabgeordnete der GR\u00dcNEN Fraktion und Mitglied des Ausschusses f\u00fcr Umwelt und Klimaschutz. \u201eDie Natur muss leiden, weil das Bezirksamt und das zust\u00e4ndige Polizeikommissariat illegales Parken dulden. Warum muss immer erst etwas passieren, bevor gehandelt wird?\u201c Eine Anzeige gegen Unbekannt hat die Polizei bereits gestellt, die Wasserschutzbeh\u00f6rde ist informiert. Das wei\u00df Bendt-Soetedjo, die vor Ort mit Polizisten sprechen konnte.<\/p>\n\n\n\n<p>\u201eUns GR\u00dcNEN ist das illegale Beparken von Gr\u00fcnfl\u00e4chen schon lange ein Dorn im Auge. Jetzt sieht man, dass das einfach nicht funktioniert&#8220;, moniert Bendt-Soetedjo. \u201eWir werden uns weiter vehement daf\u00fcr einsetzen, Gr\u00fcnfl\u00e4chen zu sch\u00fctzen, so wie wir schon mehrfach auf das Problem in der Lohbr\u00fcgger Landstra\u00dfe hingewiesen haben. Vielleicht ist dieser Vorfall endlich ein Anlass f\u00fcr das Bezirksamt und die Polizei, t\u00e4tig zu werden und illegales Beparken von Gr\u00fcnfl\u00e4chen zu ahnden&#8220;, erg\u00e4nzt Bendt-Soetedjo.<\/p>\n\n\n\n<p>In der heutigen Sitzung der Bezirksversammlung bringt die GR\u00dcNE Fraktion unter \u201eM\u00fcndliche Anfragen\u201c das Thema auf die Tagesordnung und fragt das Bezirksamt, welche konkreten Ma\u00dfnahmen es im Walter-Rudolphi-Weg auf H\u00f6he der Otto-Grot-Stra\u00dfe 35\u201351 plant, um die illegal beparkten Gr\u00fcnfl\u00e4chen dauerhaft zu sichern und eine erneute Havarie dieser Art zu verhindern.<\/p>\n\n\n\n<p>Anlagen:<a href=\"https:\/\/www.sbb-hamburg.de\/\"><br><\/a><a href=\"https:\/\/sitzungsdienst-bergedorf.hamburg.de\/bi\/vo020.asp?VOLFDNR=1009284\">Antrag \u201eGr\u00fcnfl\u00e4chen an der Lohbr\u00fcgger Landstra\u00dfe sichern und wiederherstellen\u201c<\/a><\/p>\n\n\n\n<p><a href=\"https:\/\/sitzungsdienst-bergedorf.hamburg.de\/bi\/vo020.asp?VOLFDNR=1009486\">Auskunftsersuchen \u201eSchutz und Wiederherstellung von Stra\u00dfenbegleitgr\u00fcn und \u00f6ffentlichen Gr\u00fcnfl\u00e4chen im Bezirk\u201c<\/a><\/p>\n\n\n\n<p><a href=\"https:\/\/sitzungsdienst-bergedorf.hamburg.de\/bi\/vo020.asp?VOLFDNR=1009586\">Gro\u00dfe Anfrage Schutz und Wiederherstellung von Stra\u00dfenbegleitgr\u00fcn und \u00f6ffentlichen Gr\u00fcnfl\u00e4chen im Bezirk<\/a><\/p>\n\n\n\n<p><\/p>\n\n\n\n<p>Pressekontakt:&nbsp;<br>GR\u00dcNE Fraktion Bergedorf<br>Gesch\u00e4ftsstelle<br>T\u00f6pfertwiete 28<br>21029 Hamburg<br>Telefon: 040 72 69 21 07<br>E-Mail:&nbsp;<a href=\"#\" data-unscramble=\"ed.frodegreb-eneurg@oreubsnoitkarf\" target=\"_blank\" rel=\"noreferrer noopener\">fraktionsbuero@gruene-bergedorf.de<\/a><\/p>\n\n\n\n<div style=\"height:70px\" aria-hidden=\"true\" class=\"wp-block-spacer\"><\/div>\n\n\n\n<figure class=\"wp-block-image alignright size-large is-resized\"><img fetchpriority=\"high\" decoding=\"async\" width=\"1024\" height=\"870\" src=\"https:\/\/gruene-bergedorf.de\/wp-content\/uploads\/2025\/07\/B90Gruene_Fraktion_Bergedorf_RGB_inTanne-1024x870.png\" alt=\"\" class=\"wp-image-1079\" style=\"width:200px\" srcset=\"https:\/\/gruene-bergedorf.de\/wp-content\/uploads\/2025\/07\/B90Gruene_Fraktion_Bergedorf_RGB_inTanne-1024x870.png 1024w, https:\/\/gruene-bergedorf.de\/wp-content\/uploads\/2025\/07\/B90Gruene_Fraktion_Bergedorf_RGB_inTanne-300x255.png 300w, https:\/\/gruene-bergedorf.de\/wp-content\/uploads\/2025\/07\/B90Gruene_Fraktion_Bergedorf_RGB_inTanne-768x653.png 768w, https:\/\/gruene-bergedorf.de\/wp-content\/uploads\/2025\/07\/B90Gruene_Fraktion_Bergedorf_RGB_inTanne-1536x1306.png 1536w, https:\/\/gruene-bergedorf.de\/wp-content\/uploads\/2025\/07\/B90Gruene_Fraktion_Bergedorf_RGB_inTanne-2048x1741.png 2048w\" sizes=\"(max-width: 1024px) 100vw, 1024px\" \/><\/figure>\n","protected":false},"excerpt":{"rendered":"<p>Am Abend des 29. April 2026 kam es im Walter-Rudolphi-Weg auf H\u00f6he der Otto-Grot-Stra\u00dfe 35\u201351&#8230;<\/p>\n","protected":false},"author":-1,"featured_media":2656,"comment_status":"closed","ping_status":"open","sticky":false,"template":"","format":"standard","meta":{"footnotes":""},"categories":[6,12],"tags":[],"class_list":["post-2654","post","type-post","status-publish","format-standard","has-post-thumbnail","hentry","category-fraktion","category-pressemitteilung"],"_links":{"self":[{"href":"https:\/\/gruene-bergedorf.de\/index.php\/wp-json\/wp\/v2\/posts\/2654","targetHints":{"allow":["GET"]}}],"collection":[{"href":"https:\/\/gruene-bergedorf.de\/index.php\/wp-json\/wp\/v2\/posts"}],"about":[{"href":"https:\/\/gruene-bergedorf.de\/index.php\/wp-json\/wp\/v2\/types\/post"}],"author":[{"embeddable":true,"href":"https:\/\/gruene-bergedorf.de\/index.php\/wp-json\/wp\/v2\/users\/5"}],"replies":[{"embeddable":true,"href":"https:\/\/gruene-bergedorf.de\/index.php\/wp-json\/wp\/v2\/comments?post=2654"}],"version-history":[{"count":1,"href":"https:\/\/gruene-bergedorf.de\/index.php\/wp-json\/wp\/v2\/posts\/2654\/revisions"}],"predecessor-version":[{"id":2655,"href":"https:\/\/gruene-bergedorf.de\/index.php\/wp-json\/wp\/v2\/posts\/2654\/revisions\/2655"}],"wp:featuredmedia":[{"embeddable":true,"href":"https:\/\/gruene-bergedorf.de\/index.php\/wp-json\/wp\/v2\/media\/2656"}],"wp:attachment":[{"href":"https:\/\/gruene-bergedorf.de\/index.php\/wp-json\/wp\/v2\/media?parent=2654"}],"wp:term":[{"taxonomy":"category","embeddable":true,"href":"https:\/\/gruene-bergedorf.de\/index.php\/wp-json\/wp\/v2\/categories?post=2654"},{"taxonomy":"post_tag","embeddable":true,"href":"https:\/\/gruene-bergedorf.de\/index.php\/wp-json\/wp\/v2\/tags?post=2654"}],"curies":[{"name":"wp","href":"https:\/\/api.w.org\/{rel}","templated":true}]}}