{"id":2611,"date":"2026-04-29T16:14:36","date_gmt":"2026-04-29T14:14:36","guid":{"rendered":"https:\/\/gruene-bergedorf.de\/?p=2611"},"modified":"2026-04-29T16:24:13","modified_gmt":"2026-04-29T14:24:13","slug":"bericht-aus-dem-ausschuss-fuer-umwelt-und-klimaschutz-vom-22-04-2026","status":"publish","type":"post","link":"https:\/\/gruene-bergedorf.de\/index.php\/2026\/04\/29\/bericht-aus-dem-ausschuss-fuer-umwelt-und-klimaschutz-vom-22-04-2026\/","title":{"rendered":"Bericht aus dem Ausschuss f\u00fcr Umwelt und Klimaschutz vom 22.04.2026"},"content":{"rendered":"\n<h4 class=\"wp-block-heading\">Liebe Freund*innen, liebe Interessierte,<\/h4>\n\n\n\n<div style=\"height:30px\" aria-hidden=\"true\" class=\"wp-block-spacer\"><\/div>\n\n\n\n<p>am Mittwoch, dem 22. April 2026, tagte der Fachausschuss f\u00fcr Umwelt und Klimaschutz im Gro\u00dfen Sitzungssaal des Bezirksamts Bergedorf. Die Tagesordnung hatte es in sich \u2013 von der W\u00e4rmeplanung \u00fcber unser GR\u00dcNES Anliegen zur Schulenbrooksbek bis hin zum neuen Klimaschutzkonzept im Bezirk.<\/p>\n\n\n\n<h6 class=\"wp-block-heading\">Wegeleitsystem auf dem Bergedorfer Friedhof<\/h6>\n\n\n\n<p>Herr Kasch vom B\u00fcro Leadway GmbH stellte das neue Wegeleitsystem auf dem Bergedorfer Friedhof vor. Der Bergedorfer Friedhof befindet sich im Wandel: Der Waldgr\u00e4berbereich wurde ausgebaut, ein neues Kolumbarium wurde gebaut und nun kommt eine zeitgem\u00e4\u00dfe, \u00fcbersichtliche Beschilderung dazu.<\/p>\n\n\n\n<h6 class=\"wp-block-heading\">W\u00e4rmeplanung: Bergedorf auf dem Weg raus aus \u00d6l und Gas<\/h6>\n\n\n\n<p>Christian St\u00fcwe von der BUKEA war erneut zu Gast \u2013 diesmal mit dem W\u00e4rmeplanentwurf f\u00fcr Hamburg, konkret heruntergebrochen auf unseren Bezirk. Die Zahlen sprechen f\u00fcr sich: Bis 2040 m\u00fcssen rund 27.000 Geb\u00e4ude in Bergedorf von fossilen Heizungen auf klimafreundliche Alternativen umgestellt werden, denn derzeit werden noch 82% fossil beheizt.<\/p>\n\n\n\n<p>Der W\u00e4rmeplan zeigt den Weg: Dichtere Quartiere sollen \u00fcber emissionsarme Fernw\u00e4rmenetze versorgt werden, Einfamilienh\u00e4user und das Landgebiet \u00fcberwiegend \u00fcber W\u00e4rmepumpen. Wo sich zentrale Netze wirtschaftlich nicht rechnen, sind gemeinschaftliche L\u00f6sungen gefragt. Wer schon heute wissen m\u00f6chte, welche L\u00f6sung f\u00fcr das eigene Geb\u00e4ude empfohlen wird, findet das im Hamburger W\u00e4rmeportal unter <a href=\"https:\/\/geoportal-hamburg.de\/waermeportal-hamburg\/\">https:\/\/geoportal-hamburg.de\/waermeportal-hamburg\/<\/a>.<\/p>\n\n\n\n<h6 class=\"wp-block-heading\">Klimaschutzkonzept 2.0: Was kam aus den Werkst\u00e4tten?<\/h6>\n\n\n\n<p>Klimaschutzmanagerin Frau Hesse berichtete \u00fcber Verlauf und Ergebnisse der vier Themenwerkst\u00e4tten zur \u00d6ffentlichkeitsbeteiligung am Integrierten Klimaschutzkonzept 2.0 (IKK) f\u00fcr Bergedorf. Das Fazit ist erfreulich: Die Beteiligung ist gelungen und wurde offen, modern und in unterschiedlichen Teilen unseres Bezirks umgesetzt.<\/p>\n\n\n\n<p>In vier Werkst\u00e4tten zu unterschiedlichen Themen von Mobilit\u00e4t \u00fcber Energie und Geb\u00e4ude bis hin zu zivilgesellschaftlichem Engagement und sozial gerechtem Klimaschutz \u2013 konnten Bergedorfer:innen ihre Ideen einbringen.<\/p>\n\n\n\n<p>Nun liegt die Arbeit in der Stabsstelle Klimaschutz. Alle Ideen und Beitr\u00e4ge werden aufgearbeitet und in ein neues, ma\u00dfnahmenorientiertes Klimaschutzkonzept f\u00fcr den Bezirk Bergedorf gegossen. Im November dieses Jahres soll es eine Abschlussveranstaltung geben inklusive Vorstellung des finalen Konzepts. Wir freuen uns darauf und werden den Prozess weiter eng begleiten.<\/p>\n\n\n\n<h6 class=\"wp-block-heading\">Spielplatz Lohbr\u00fcgger Landstra\u00dfe<\/h6>\n\n\n\n<p>Herr Charles berichtete \u00fcber den Spielplatz an der Lohbr\u00fcgger Landstra\u00dfe \u2013 der sich momentan im kompletten Umbau befindet. Nach Abschluss der Arbeiten soll er wieder ein attraktiver Ort f\u00fcr Familien im Stadtteil sein. Neu entstehen gro\u00dfz\u00fcgige Rasenfl\u00e4chen, ein Wasserspiel und neue Spielger\u00e4te.<\/p>\n\n\n\n<p>Was uns als GR\u00dcNE besonders freut ist, dass der neue Spielplatz klimaangepasst gestaltet wird. Rasenfl\u00e4chen, Wasserspiel und der alte Baumbestand sch\u00fctzen vor sommerlicher Hitze, ein Aspekt, der angesichts zunehmender Hitzewellen immer wichtiger wird und auf Nachfrage unserer Fraktion best\u00e4tigt wurde.<\/p>\n\n\n\n<h6 class=\"wp-block-heading\">Schulenbrooksbek: Unsere Anfrage zur Renaturierung<\/h6>\n\n\n\n<p>Mit unserer Anfrage zur Renaturierung und zu den Uferbefestigungen \u00f6stlich der Ernst-Henning-Stra\u00dfe haben wir die Schulenbrooksbek auf die Agenda gesetzt und das zeigt Wirkung. Das Bezirksamt hat mittlerweile das Gespr\u00e4ch mit dem Kleingartenverein vor Ort gesucht und eine Gew\u00e4sserschau angesetzt. Auf Basis der dort gewonnenen Erkenntnisse kann nun \u00fcber weitere Schritte zur Wiederherstellung der Schulenbrooksbek und begleitende Ma\u00dfnahmen beraten werden.<\/p>\n\n\n\n<p><a href=\"https:\/\/sitzungsdienst-bergedorf.hamburg.de\/bi\/vo020.asp?VOLFDNR=1009464\">https:\/\/sitzungsdienst-bergedorf.hamburg.de\/bi\/vo020.asp?VOLFDNR=1009464<\/a><\/p>\n\n\n\n<h6 class=\"wp-block-heading\">Gr\u00fcnstreifen am Lohbr\u00fcgger Markt<\/h6>\n\n\n\n<p>Herr Charles berichtete \u00fcber die neue Wechselbepflanzung des Gr\u00fcnstreifens am Lohbr\u00fcgger Markt \u00e4hnlich wie bereits am Mohnhof: Stiefm\u00fctterchen. Nett, aber \u00f6kologisch weitgehend wertlos.<\/p>\n\n\n\n<p>Als GR\u00dcNE Fraktion fordern wir, dass \u00f6ffentliche Gr\u00fcnfl\u00e4chen auch \u00f6kologisch etwas leisten. Im st\u00e4dtischen Raum z\u00e4hlt jeder Quadratmeter. Wir setzen uns daf\u00fcr ein, dass bei der Bepflanzung \u00f6ffentlicher Fl\u00e4chen in Bergedorf \u00f6kologische Kriterien eine zentrale Rolle spielen.<\/p>\n\n\n\n<div style=\"height:30px\" aria-hidden=\"true\" class=\"wp-block-spacer\"><\/div>\n\n\n\n<p>Weitere Informationen zur Sitzung des Ausschusses f\u00fcr Umwelt und Klimaschutz vom 22.04.2026 findet ihr unter: <a href=\"https:\/\/sitzungsdienst-bergedorf.hamburg.de\/bi\/to010.asp?SILFDNR=1003303\">https:\/\/sitzungsdienst-bergedorf.hamburg.de\/bi\/to010.asp?SILFDNR=1003303<\/a><\/p>\n\n\n\n<div style=\"height:60px\" aria-hidden=\"true\" class=\"wp-block-spacer\"><\/div>\n\n\n\n<h4 class=\"wp-block-heading\">Nils Potthast<\/h4>\n\n\n\n<h4 class=\"wp-block-heading\">Sprecher f\u00fcr Umwelt und Klimaschutz<\/h4>\n\n\n\n<div style=\"height:70px\" aria-hidden=\"true\" class=\"wp-block-spacer\"><\/div>\n\n\n\n<figure class=\"wp-block-image alignright size-large is-resized\"><img fetchpriority=\"high\" decoding=\"async\" width=\"1024\" height=\"870\" src=\"https:\/\/gruene-bergedorf.de\/wp-content\/uploads\/2025\/07\/B90Gruene_Fraktion_Bergedorf_RGB_inTanne-1024x870.png\" alt=\"\" class=\"wp-image-1079\" style=\"width:200px\" srcset=\"https:\/\/gruene-bergedorf.de\/wp-content\/uploads\/2025\/07\/B90Gruene_Fraktion_Bergedorf_RGB_inTanne-1024x870.png 1024w, https:\/\/gruene-bergedorf.de\/wp-content\/uploads\/2025\/07\/B90Gruene_Fraktion_Bergedorf_RGB_inTanne-300x255.png 300w, https:\/\/gruene-bergedorf.de\/wp-content\/uploads\/2025\/07\/B90Gruene_Fraktion_Bergedorf_RGB_inTanne-768x653.png 768w, https:\/\/gruene-bergedorf.de\/wp-content\/uploads\/2025\/07\/B90Gruene_Fraktion_Bergedorf_RGB_inTanne-1536x1306.png 1536w, https:\/\/gruene-bergedorf.de\/wp-content\/uploads\/2025\/07\/B90Gruene_Fraktion_Bergedorf_RGB_inTanne-2048x1741.png 2048w\" sizes=\"(max-width: 1024px) 100vw, 1024px\" \/><\/figure>\n","protected":false},"excerpt":{"rendered":"<p>Liebe Freund*innen, liebe Interessierte, am Mittwoch, dem 22. April 2026, tagte der Fachausschuss f\u00fcr Umwelt&#8230;<\/p>\n","protected":false},"author":-1,"featured_media":2402,"comment_status":"closed","ping_status":"open","sticky":false,"template":"","format":"standard","meta":{"footnotes":""},"categories":[18,6,21],"tags":[],"class_list":["post-2611","post","type-post","status-publish","format-standard","has-post-thumbnail","hentry","category-bericht","category-fraktion","category-uk"],"_links":{"self":[{"href":"https:\/\/gruene-bergedorf.de\/index.php\/wp-json\/wp\/v2\/posts\/2611","targetHints":{"allow":["GET"]}}],"collection":[{"href":"https:\/\/gruene-bergedorf.de\/index.php\/wp-json\/wp\/v2\/posts"}],"about":[{"href":"https:\/\/gruene-bergedorf.de\/index.php\/wp-json\/wp\/v2\/types\/post"}],"author":[{"embeddable":true,"href":"https:\/\/gruene-bergedorf.de\/index.php\/wp-json\/wp\/v2\/users\/3"}],"replies":[{"embeddable":true,"href":"https:\/\/gruene-bergedorf.de\/index.php\/wp-json\/wp\/v2\/comments?post=2611"}],"version-history":[{"count":17,"href":"https:\/\/gruene-bergedorf.de\/index.php\/wp-json\/wp\/v2\/posts\/2611\/revisions"}],"predecessor-version":[{"id":2649,"href":"https:\/\/gruene-bergedorf.de\/index.php\/wp-json\/wp\/v2\/posts\/2611\/revisions\/2649"}],"wp:featuredmedia":[{"embeddable":true,"href":"https:\/\/gruene-bergedorf.de\/index.php\/wp-json\/wp\/v2\/media\/2402"}],"wp:attachment":[{"href":"https:\/\/gruene-bergedorf.de\/index.php\/wp-json\/wp\/v2\/media?parent=2611"}],"wp:term":[{"taxonomy":"category","embeddable":true,"href":"https:\/\/gruene-bergedorf.de\/index.php\/wp-json\/wp\/v2\/categories?post=2611"},{"taxonomy":"post_tag","embeddable":true,"href":"https:\/\/gruene-bergedorf.de\/index.php\/wp-json\/wp\/v2\/tags?post=2611"}],"curies":[{"name":"wp","href":"https:\/\/api.w.org\/{rel}","templated":true}]}}