{"id":2503,"date":"2026-03-31T12:23:21","date_gmt":"2026-03-31T10:23:21","guid":{"rendered":"https:\/\/gruene-bergedorf.de\/?p=2503"},"modified":"2026-03-31T12:23:21","modified_gmt":"2026-03-31T10:23:21","slug":"planung-verkackt-neuer-lafu-sportpark-soll-ohne-oeffentliche-toilette-auskommen","status":"publish","type":"post","link":"https:\/\/gruene-bergedorf.de\/index.php\/2026\/03\/31\/planung-verkackt-neuer-lafu-sportpark-soll-ohne-oeffentliche-toilette-auskommen\/","title":{"rendered":"Planung verkackt: Neuer LaFu Sportpark soll ohne \u00f6ffentliche Toilette auskommen"},"content":{"rendered":"\n<p><strong>Mitten im Fu\u00dfballspiel oder beim Toben auf dem Spielplatz muss das Kind pl\u00f6tzlich dringend. Aber wohin auf die Schnelle? Der Vorentwurf zur Gestaltung des Sport- und Bewegungsparks Ladenbeker Furtweg, der am 30. M\u00e4rz 2026 im Fachausschuss f\u00fcr Sport und Bildung vorgestellt wurde, gibt eine ern\u00fcchternde Antwort: Die Planungen sehen keine \u00f6ffentlichen Toiletten vor.<\/strong><\/p>\n\n\n\n<p>\u201eIn Hamburg haben wir ein strukturelles Problem mit \u00f6ffentlichen Toiletten,\u201c moniert Lenka Brodbeck, Vorsitzende der GR\u00dcNEN Fraktion und Mitglied des Fachausschusses f\u00fcr Sport und Bildung. \u201eSeit Jahren setzt sich die Fraktion an verschiedenen Stellen daf\u00fcr ein, dass der \u00f6ffentliche Raum sauber bleibt. Wenn wir jetzt ohne Toilette planen, ist der nagelneue Bewegungspark bald so zugekackt wie der Schlosspark heute,\u201c so Brodbeck weiter.<\/p>\n\n\n\n<p>Bereits im&nbsp;<time datetime=\"2025-04-01T10:17:31.753Z\">April 20<\/time>25 brachte die GR\u00dcNE Fraktion mit der \u201eOilette\u201c einen konkreten Vorschlag in die Bezirksversammlung ein, der dort auf Ablehnung stie\u00df. Das damalige Argument des des SPD-Abgeordneten Momenzada, der fehlende Sichtschutz, ist mittlerweile entkr\u00e4ftet, da dieser nun verf\u00fcgbar ist. \u201eDas Bezirksamt hat jetzt die M\u00f6glichkeit, eine Oilette direkt zu Beginn der Planung einzubeziehen und als Pilotprojekt in Hamburg umzusetzen. Denn am Ende landet das Gesch\u00e4ft sowieso im \u00f6ffentlichen Raum, wird aber nicht abgeholt,\u201c macht Brodbeck deutlich.<\/p>\n\n\n\n<p>Eine weitere L\u00f6sung sind autarke Trockentoiletten, die ohne Wasseranschluss auskommen. Brodbeck erkl\u00e4rt: \u201eBochum macht vor, wie sich nat\u00fcrliche Bed\u00fcrfnisse in jede Planung integrieren lassen. \u00d6kologisch und \u00f6konomisch g\u00fcnstige Wege k\u00f6nnen zu einer hamburgweiten L\u00f6sung f\u00fchren.\u201c Brodbeck begr\u00fc\u00dft, dass Fachamtsleiter Charles vom Fachamt &#8222;Management des \u00f6ffentlichen Raumes&#8220; im Bezirksamt Bergedorf die Anregungen der GR\u00dcNEN Fraktion in die Gespr\u00e4che mit den zust\u00e4ndigen Fachbeh\u00f6rden mitnimmt.<\/p>\n\n\n\n<p><\/p>\n\n\n\n<p><a href=\"https:\/\/www.oilette.de\">Infos zur Oilette<\/a><a href=\"\"><\/a><\/p>\n\n\n\n<p><a href=\"https:\/\/sitzungsdienst-bergedorf.hamburg.de\/bi\/vo020.asp?VOLFDNR=1008703\">Antrag zur Oilette<\/a><\/p>\n\n\n\n<p><a href=\"https:\/\/die-stadtgestalter.de\/2022\/08\/28\/fehlende-toiletten-in-bochum-loesung-autarke-trockentoiletten\/\">Infos zu autarken Trockentoiletten in Bochum<\/a><\/p>\n\n\n\n<p><a href=\"https:\/\/www.ecotoiletten.de\/unsere-toiletten.html\">Infos zu EcoToiletten<\/a><\/p>\n\n\n\n<p><a href=\"https:\/\/sitzungsdienst-bergedorf.hamburg.de\/bi\/vo020.asp?VOLFDNR=1009551\">Vorentwurf Sport- und Bewegungspark Ladenbeker Furtweg, Bergedorf-West<\/a><\/p>\n\n\n\n<p><\/p>\n\n\n\n<p>Pressekontakt:&nbsp;<br>GR\u00dcNE Fraktion Bergedorf<br>Gesch\u00e4ftsstelle<br>T\u00f6pfertwiete 28<br>21029 Hamburg<br>Telefon: 040 72 69 21 07<br>E-Mail:&nbsp;<a href=\"#\" data-unscramble=\"ed.frodegreb-eneurg@oreubsnoitkarf\" target=\"_blank\" rel=\"noreferrer noopener\">fraktionsbuero@gruene-bergedorf.de<\/a><\/p>\n\n\n\n<div style=\"height:70px\" aria-hidden=\"true\" class=\"wp-block-spacer\"><\/div>\n\n\n\n<figure class=\"wp-block-image alignright size-large is-resized\"><img fetchpriority=\"high\" decoding=\"async\" width=\"1024\" height=\"870\" src=\"https:\/\/gruene-bergedorf.de\/wp-content\/uploads\/2025\/07\/B90Gruene_Fraktion_Bergedorf_RGB_inTanne-1024x870.png\" alt=\"\" class=\"wp-image-1079\" style=\"width:200px\" srcset=\"https:\/\/gruene-bergedorf.de\/wp-content\/uploads\/2025\/07\/B90Gruene_Fraktion_Bergedorf_RGB_inTanne-1024x870.png 1024w, https:\/\/gruene-bergedorf.de\/wp-content\/uploads\/2025\/07\/B90Gruene_Fraktion_Bergedorf_RGB_inTanne-300x255.png 300w, https:\/\/gruene-bergedorf.de\/wp-content\/uploads\/2025\/07\/B90Gruene_Fraktion_Bergedorf_RGB_inTanne-768x653.png 768w, https:\/\/gruene-bergedorf.de\/wp-content\/uploads\/2025\/07\/B90Gruene_Fraktion_Bergedorf_RGB_inTanne-1536x1306.png 1536w, https:\/\/gruene-bergedorf.de\/wp-content\/uploads\/2025\/07\/B90Gruene_Fraktion_Bergedorf_RGB_inTanne-2048x1741.png 2048w\" sizes=\"(max-width: 1024px) 100vw, 1024px\" \/><\/figure>\n","protected":false},"excerpt":{"rendered":"<p>Mitten im Fu\u00dfballspiel oder beim Toben auf dem Spielplatz muss das Kind pl\u00f6tzlich dringend. Aber wohin auf die Schnelle? Der Vorentwurf zur Gestaltung des Sport- und Bewegungsparks Ladenbeker Furtweg, der [&hellip;]<\/p>\n","protected":false},"author":-1,"featured_media":0,"comment_status":"closed","ping_status":"open","sticky":false,"template":"","format":"standard","meta":{"footnotes":""},"categories":[6,12],"tags":[],"class_list":["post-2503","post","type-post","status-publish","format-standard","hentry","category-fraktion","category-pressemitteilung"],"_links":{"self":[{"href":"https:\/\/gruene-bergedorf.de\/index.php\/wp-json\/wp\/v2\/posts\/2503","targetHints":{"allow":["GET"]}}],"collection":[{"href":"https:\/\/gruene-bergedorf.de\/index.php\/wp-json\/wp\/v2\/posts"}],"about":[{"href":"https:\/\/gruene-bergedorf.de\/index.php\/wp-json\/wp\/v2\/types\/post"}],"author":[{"embeddable":true,"href":"https:\/\/gruene-bergedorf.de\/index.php\/wp-json\/wp\/v2\/users\/5"}],"replies":[{"embeddable":true,"href":"https:\/\/gruene-bergedorf.de\/index.php\/wp-json\/wp\/v2\/comments?post=2503"}],"version-history":[{"count":3,"href":"https:\/\/gruene-bergedorf.de\/index.php\/wp-json\/wp\/v2\/posts\/2503\/revisions"}],"predecessor-version":[{"id":2506,"href":"https:\/\/gruene-bergedorf.de\/index.php\/wp-json\/wp\/v2\/posts\/2503\/revisions\/2506"}],"wp:attachment":[{"href":"https:\/\/gruene-bergedorf.de\/index.php\/wp-json\/wp\/v2\/media?parent=2503"}],"wp:term":[{"taxonomy":"category","embeddable":true,"href":"https:\/\/gruene-bergedorf.de\/index.php\/wp-json\/wp\/v2\/categories?post=2503"},{"taxonomy":"post_tag","embeddable":true,"href":"https:\/\/gruene-bergedorf.de\/index.php\/wp-json\/wp\/v2\/tags?post=2503"}],"curies":[{"name":"wp","href":"https:\/\/api.w.org\/{rel}","templated":true}]}}