{"id":2224,"date":"2025-12-19T12:02:23","date_gmt":"2025-12-19T11:02:23","guid":{"rendered":"https:\/\/gruene-bergedorf.de\/?p=2224"},"modified":"2025-12-19T14:52:52","modified_gmt":"2025-12-19T13:52:52","slug":"baumstandorte-gesucht-gemeinsam-mehr-gruen-fuer-bergedorf","status":"publish","type":"post","link":"https:\/\/gruene-bergedorf.de\/index.php\/2025\/12\/19\/baumstandorte-gesucht-gemeinsam-mehr-gruen-fuer-bergedorf\/","title":{"rendered":"Baumstandorte gesucht: Gemeinsam mehr Gr\u00fcn f\u00fcr Bergedorf"},"content":{"rendered":"\n<p>Liebe Freund*innen, liebe Interessierte,<\/p>\n\n\n\n<p>Bergedorf braucht mehr B\u00e4ume. Sie spenden Schatten, k\u00fchlen unsere Stra\u00dfen und Pl\u00e4tze, verbessern die Luft und helfen, Regenwasser besser aufzunehmen. Gerade in Zeiten der Klimakrise mit mehr Hitze und Starkregen sind zus\u00e4tzliche Stra\u00dfenb\u00e4ume eine einfache, wirksame Ma\u00dfnahme, um unseren Bezirk widerstandsf\u00e4higer zu machen und die Lebensqualit\u00e4t zu sichern.<\/p>\n\n\n\n<p>Damit neue B\u00e4ume dort gepflanzt werden k\u00f6nnen, wo sie wirklich Sinn ergeben, brauchen wir eure Unterst\u00fctzung: Haltet im Alltag die Augen offen. Auf dem Arbeitsweg, beim Spaziergang, vor der Haust\u00fcr oder ganz bewusst bei einer kleinen Baumstandort Safari.<\/p>\n\n\n\n<p>Deshalb unsere Bitte an euch: Haltet im Alltag die Augen offen. Auf dem Arbeitsweg, beim Spaziergang, vor der Haust\u00fcr oder ganz bewusst bei einer kleinen Baumstandort Safari.<\/p>\n\n\n\n<p><strong>Worauf ihr achten k\u00f6nnt<\/strong><\/p>\n\n\n\n<ul class=\"wp-block-list\">\n<li>Es muss eine \u00f6ffentliche Gr\u00fcnfl\u00e4che sein, zum Beispiel ein Gr\u00fcnstreifen am Stra\u00dfenrand.<\/li>\n\n\n\n<li>Die Fl\u00e4che sollte gro\u00df genug sein, damit ein neuer Baum dort wirklich Platz hat.<\/li>\n<\/ul>\n\n\n\n<p><strong>So macht ihr mit<\/strong><\/p>\n\n\n\n<p>Schickt eure Vorschl\u00e4ge bitte per Mail an <a href=\"#\" data-unscramble=\"ed.frodegreb-eneurg@oreubsnoitkarf\">fraktionsbuero@gruene-bergedorf.de<\/a>.<\/p>\n\n\n\n<p>Am besten mit:<\/p>\n\n\n\n<ul class=\"wp-block-list\">\n<li>m\u00f6glichst genauer Standortangabe (Stra\u00dfe, Hausnummer, Kreuzung oder kurzer Hinweis)<\/li>\n\n\n\n<li>gern einem Foto der Fl\u00e4che<\/li>\n<\/ul>\n\n\n\n<p>Alternativ k\u00f6nnt ihr den Standort auch direkt hier eintragen:<\/p>\n\n\n\n<p><a href=\"https:\/\/gerechte-stadtentwicklung.de\/posts\/Category\/Stadtnatur\/District\/Bergedorf\">https:\/\/gerechte-stadtentwicklung.de\/posts\/Category\/Stadtnatur\/District\/Bergedorf<\/a><\/p>\n\n\n\n<p>Wir sammeln eure Hinweise, bereiten sie auf und leiten sie anschlie\u00dfend geb\u00fcndelt an das Bezirksamt weiter.<\/p>\n\n\n\n<p>Danke euch f\u00fcrs Mitmachen. Zusammen machen wir Bergedorf ein St\u00fcck gr\u00fcner.<\/p>\n\n\n\n<div style=\"height:70px\" aria-hidden=\"true\" class=\"wp-block-spacer\"><\/div>\n\n\n\n<figure class=\"wp-block-image alignright size-large is-resized\"><img fetchpriority=\"high\" decoding=\"async\" width=\"1024\" height=\"870\" src=\"https:\/\/gruene-bergedorf.de\/wp-content\/uploads\/2025\/07\/B90Gruene_Fraktion_Bergedorf_RGB_inTanne-1024x870.png\" alt=\"\" class=\"wp-image-1079\" style=\"aspect-ratio:1.1770764364010888;width:200px\" srcset=\"https:\/\/gruene-bergedorf.de\/wp-content\/uploads\/2025\/07\/B90Gruene_Fraktion_Bergedorf_RGB_inTanne-1024x870.png 1024w, https:\/\/gruene-bergedorf.de\/wp-content\/uploads\/2025\/07\/B90Gruene_Fraktion_Bergedorf_RGB_inTanne-300x255.png 300w, https:\/\/gruene-bergedorf.de\/wp-content\/uploads\/2025\/07\/B90Gruene_Fraktion_Bergedorf_RGB_inTanne-768x653.png 768w, https:\/\/gruene-bergedorf.de\/wp-content\/uploads\/2025\/07\/B90Gruene_Fraktion_Bergedorf_RGB_inTanne-1536x1306.png 1536w, https:\/\/gruene-bergedorf.de\/wp-content\/uploads\/2025\/07\/B90Gruene_Fraktion_Bergedorf_RGB_inTanne-2048x1741.png 2048w\" sizes=\"(max-width: 1024px) 100vw, 1024px\" \/><\/figure>\n\n\n\n<p><\/p>\n","protected":false},"excerpt":{"rendered":"<p>Liebe Freund*innen, liebe Interessierte, Bergedorf braucht mehr B\u00e4ume. Sie spenden Schatten, k\u00fchlen unsere Stra\u00dfen und&#8230;<\/p>\n","protected":false},"author":-1,"featured_media":0,"comment_status":"closed","ping_status":"open","sticky":false,"template":"","format":"standard","meta":{"footnotes":""},"categories":[6,21],"tags":[],"class_list":["post-2224","post","type-post","status-publish","format-standard","hentry","category-fraktion","category-uk"],"_links":{"self":[{"href":"https:\/\/gruene-bergedorf.de\/index.php\/wp-json\/wp\/v2\/posts\/2224","targetHints":{"allow":["GET"]}}],"collection":[{"href":"https:\/\/gruene-bergedorf.de\/index.php\/wp-json\/wp\/v2\/posts"}],"about":[{"href":"https:\/\/gruene-bergedorf.de\/index.php\/wp-json\/wp\/v2\/types\/post"}],"author":[{"embeddable":true,"href":"https:\/\/gruene-bergedorf.de\/index.php\/wp-json\/wp\/v2\/users\/3"}],"replies":[{"embeddable":true,"href":"https:\/\/gruene-bergedorf.de\/index.php\/wp-json\/wp\/v2\/comments?post=2224"}],"version-history":[{"count":4,"href":"https:\/\/gruene-bergedorf.de\/index.php\/wp-json\/wp\/v2\/posts\/2224\/revisions"}],"predecessor-version":[{"id":2228,"href":"https:\/\/gruene-bergedorf.de\/index.php\/wp-json\/wp\/v2\/posts\/2224\/revisions\/2228"}],"wp:attachment":[{"href":"https:\/\/gruene-bergedorf.de\/index.php\/wp-json\/wp\/v2\/media?parent=2224"}],"wp:term":[{"taxonomy":"category","embeddable":true,"href":"https:\/\/gruene-bergedorf.de\/index.php\/wp-json\/wp\/v2\/categories?post=2224"},{"taxonomy":"post_tag","embeddable":true,"href":"https:\/\/gruene-bergedorf.de\/index.php\/wp-json\/wp\/v2\/tags?post=2224"}],"curies":[{"name":"wp","href":"https:\/\/api.w.org\/{rel}","templated":true}]}}