{"id":2205,"date":"2025-12-17T09:13:43","date_gmt":"2025-12-17T08:13:43","guid":{"rendered":"https:\/\/gruene-bergedorf.de\/?p=2205"},"modified":"2025-12-19T11:53:07","modified_gmt":"2025-12-19T10:53:07","slug":"gruenflaechen-an-der-lohbruegger-landstrasse-in-gefahr","status":"publish","type":"post","link":"https:\/\/gruene-bergedorf.de\/index.php\/2025\/12\/17\/gruenflaechen-an-der-lohbruegger-landstrasse-in-gefahr\/","title":{"rendered":"Kaputtgeparkt und ignoriert &#8211; Gr\u00fcnfl\u00e4chen an der Lohbr\u00fcgger Landstra\u00dfe in Gefahr"},"content":{"rendered":"\n<p><strong>Wo einst Gras wuchs, dominiert heute verdichteter, kahler Boden. Die \u00f6ffentlichen Gr\u00fcnfl\u00e4chen entlang der Lohbr\u00fcgger Landstra\u00dfe leiden massiv unter illegalem Befahren und Beparken. Was auf den ersten Blick wie ein lokales \u00c4rgernis wirkt, hat weitreichende Folgen f\u00fcr alle Anwohner*innen. Denn mit jedem Quadratmeter zerst\u00f6rter Gr\u00fcnfl\u00e4che verliert der Stadtteil ein St\u00fcck seiner nat\u00fcrlichen Klimaanlage. Gerade hier, an dieser stark befahrenen Verkehrsachse, sind intakte Gr\u00fcnstrukturen unverzichtbar. Sie k\u00fchlen bei Hitze, filtern Schadstoffe aus der Luft, nehmen Regenwasser auf und bieten Lebensraum f\u00fcr Insekten und V\u00f6gel. Doch genau diese Funktionen gehen durch die Bodenverdichtung verloren. Ausgerechnet jetzt, da Hitzeperioden und Starkregen immer h\u00e4ufiger werden.<\/strong><\/p>\n\n\n\n<p>Zur Bezirksversammlung am 18. Dezember 2025 bringt die GR\u00dcNE Fraktion den Antrag \u201eGr\u00fcnfl\u00e4chen an der Lohbr\u00fcgger Landstra\u00dfe sichern und wiederherstellen\u201c ein. Ziel ist es, wiederkehrende Sch\u00e4den an Gr\u00fcnstreifen und Baumscheiben zu stoppen, Fl\u00e4chen fachgerecht zu sanieren und dauerhaft zu sch\u00fctzen. In der Debatte wird die Fraktion auch die bisherigen Vers\u00e4umnisse des Bezirksamtes benennen,&nbsp;denn obwohl die Problemlage bekannt ist, fehlt es bislang an wirksamen Schutzma\u00dfnahmen.<\/p>\n\n\n\n<p><strong>Nils Potthast<\/strong>, umweltpolitischer Sprecher und Fraktionsvorsitzender der GR\u00dcNEN Fraktion Bergedorf, sagt:&nbsp;\u201eDas ist fachlich eindeutig und politisch nicht hinnehmbar. Durch Befahren und illegales Parken werden Gr\u00fcnstreifen und Baumscheiben massiv verdichtet, Wasser versickert schlechter, K\u00fchlung und Biodiversit\u00e4t gehen verloren. Der Handlungsbedarf ist dringend notwendig. Das Bezirksamt muss endlich vom Wegschauen ins Handeln kommen. Jetzt braucht es konsequente Ma\u00dfnahmen, die die Sch\u00e4den erfassen, das Parken wirksam unterbinden, Fl\u00e4chen fachgerecht sanieren und dauerhaft sch\u00fctzen.\u201c<\/p>\n\n\n\n<p><\/p>\n\n\n\n<p><a href=\"https:\/\/sitzungsdienst-bergedorf.hamburg.de\/bi\/vo020.asp?VOLFDNR=1009284\">Antrag&nbsp;\u201eGr\u00fcnfl\u00e4chen an der Lohbr\u00fcgger Landstra\u00dfe sichern und wiederherstellen\u201c (Drucksache 22-0629)<\/a><\/p>\n\n\n\n<p>Pressekontakt:&nbsp;<br>GR\u00dcNE Fraktion Bergedorf<br>Gesch\u00e4ftsstelle<br>T\u00f6pfertwiete 28<br>21029 Hamburg<br>Telefon: 040 72 69 21 07<br>Email:&nbsp;<a href=\"#\" data-unscramble=\"ed.frodegreb-eneurg@oreubsnoitkarf\" target=\"_blank\" rel=\"noreferrer noopener\">fraktionsbuero@gruene-bergedorf.de<\/a><\/p>\n\n\n\n<div style=\"height:70px\" aria-hidden=\"true\" class=\"wp-block-spacer\"><\/div>\n\n\n\n<figure class=\"wp-block-image alignright size-large is-resized\"><img fetchpriority=\"high\" decoding=\"async\" width=\"1024\" height=\"870\" src=\"https:\/\/gruene-bergedorf.de\/wp-content\/uploads\/2025\/07\/B90Gruene_Fraktion_Bergedorf_RGB_inTanne-1024x870.png\" alt=\"\" class=\"wp-image-1079\" style=\"width:200px\" srcset=\"https:\/\/gruene-bergedorf.de\/wp-content\/uploads\/2025\/07\/B90Gruene_Fraktion_Bergedorf_RGB_inTanne-1024x870.png 1024w, https:\/\/gruene-bergedorf.de\/wp-content\/uploads\/2025\/07\/B90Gruene_Fraktion_Bergedorf_RGB_inTanne-300x255.png 300w, https:\/\/gruene-bergedorf.de\/wp-content\/uploads\/2025\/07\/B90Gruene_Fraktion_Bergedorf_RGB_inTanne-768x653.png 768w, https:\/\/gruene-bergedorf.de\/wp-content\/uploads\/2025\/07\/B90Gruene_Fraktion_Bergedorf_RGB_inTanne-1536x1306.png 1536w, https:\/\/gruene-bergedorf.de\/wp-content\/uploads\/2025\/07\/B90Gruene_Fraktion_Bergedorf_RGB_inTanne-2048x1741.png 2048w\" sizes=\"(max-width: 1024px) 100vw, 1024px\" \/><\/figure>\n","protected":false},"excerpt":{"rendered":"<p>Wo einst Gras wuchs, dominiert heute verdichteter, kahler Boden. Die \u00f6ffentlichen Gr\u00fcnfl\u00e4chen entlang der Lohbr\u00fcgger&#8230;<\/p>\n","protected":false},"author":-1,"featured_media":0,"comment_status":"closed","ping_status":"open","sticky":false,"template":"","format":"standard","meta":{"footnotes":""},"categories":[6,12],"tags":[],"class_list":["post-2205","post","type-post","status-publish","format-standard","hentry","category-fraktion","category-pressemitteilung"],"_links":{"self":[{"href":"https:\/\/gruene-bergedorf.de\/index.php\/wp-json\/wp\/v2\/posts\/2205","targetHints":{"allow":["GET"]}}],"collection":[{"href":"https:\/\/gruene-bergedorf.de\/index.php\/wp-json\/wp\/v2\/posts"}],"about":[{"href":"https:\/\/gruene-bergedorf.de\/index.php\/wp-json\/wp\/v2\/types\/post"}],"author":[{"embeddable":true,"href":"https:\/\/gruene-bergedorf.de\/index.php\/wp-json\/wp\/v2\/users\/5"}],"replies":[{"embeddable":true,"href":"https:\/\/gruene-bergedorf.de\/index.php\/wp-json\/wp\/v2\/comments?post=2205"}],"version-history":[{"count":4,"href":"https:\/\/gruene-bergedorf.de\/index.php\/wp-json\/wp\/v2\/posts\/2205\/revisions"}],"predecessor-version":[{"id":2223,"href":"https:\/\/gruene-bergedorf.de\/index.php\/wp-json\/wp\/v2\/posts\/2205\/revisions\/2223"}],"wp:attachment":[{"href":"https:\/\/gruene-bergedorf.de\/index.php\/wp-json\/wp\/v2\/media?parent=2205"}],"wp:term":[{"taxonomy":"category","embeddable":true,"href":"https:\/\/gruene-bergedorf.de\/index.php\/wp-json\/wp\/v2\/categories?post=2205"},{"taxonomy":"post_tag","embeddable":true,"href":"https:\/\/gruene-bergedorf.de\/index.php\/wp-json\/wp\/v2\/tags?post=2205"}],"curies":[{"name":"wp","href":"https:\/\/api.w.org\/{rel}","templated":true}]}}