{"id":1758,"date":"2022-04-04T13:36:00","date_gmt":"2022-04-04T11:36:00","guid":{"rendered":"https:\/\/gruene-bergedorf.de\/?p=1758"},"modified":"2025-10-04T13:38:16","modified_gmt":"2025-10-04T11:38:16","slug":"mobilitaetskonzept-fuer-die-vier-und-marschlande","status":"publish","type":"post","link":"https:\/\/gruene-bergedorf.de\/index.php\/2022\/04\/04\/mobilitaetskonzept-fuer-die-vier-und-marschlande\/","title":{"rendered":"Mobilit\u00e4tskonzept f\u00fcr die Vier- und Marschlande"},"content":{"rendered":"\n<p><br>In der Bezirksversammlung am 31. M\u00e4rz hat die Bergedorfer Koalition die Erstellung eines Mobilit\u00e4tskonzepts f\u00fcr die Vier- und Marschlande auf den Weg gebracht.<\/p>\n\n\n\n<p>Zukunftsgerichtetes Mobilit\u00e4tskonzept 2030 f\u00fcr die Vier- und Marschlande<\/p>\n","protected":false},"excerpt":{"rendered":"<p>In der Bezirksversammlung am 31. M\u00e4rz hat die Bergedorfer Koalition die Erstellung eines Mobilit\u00e4tskonzepts f\u00fcr&#8230;<\/p>\n","protected":false},"author":-1,"featured_media":0,"comment_status":"closed","ping_status":"open","sticky":false,"template":"","format":"standard","meta":{"footnotes":""},"categories":[7,6],"tags":[],"class_list":["post-1758","post","type-post","status-publish","format-standard","hentry","category-bezirksversammlung","category-fraktion"],"_links":{"self":[{"href":"https:\/\/gruene-bergedorf.de\/index.php\/wp-json\/wp\/v2\/posts\/1758","targetHints":{"allow":["GET"]}}],"collection":[{"href":"https:\/\/gruene-bergedorf.de\/index.php\/wp-json\/wp\/v2\/posts"}],"about":[{"href":"https:\/\/gruene-bergedorf.de\/index.php\/wp-json\/wp\/v2\/types\/post"}],"author":[{"embeddable":true,"href":"https:\/\/gruene-bergedorf.de\/index.php\/wp-json\/wp\/v2\/users\/3"}],"replies":[{"embeddable":true,"href":"https:\/\/gruene-bergedorf.de\/index.php\/wp-json\/wp\/v2\/comments?post=1758"}],"version-history":[{"count":1,"href":"https:\/\/gruene-bergedorf.de\/index.php\/wp-json\/wp\/v2\/posts\/1758\/revisions"}],"predecessor-version":[{"id":1759,"href":"https:\/\/gruene-bergedorf.de\/index.php\/wp-json\/wp\/v2\/posts\/1758\/revisions\/1759"}],"wp:attachment":[{"href":"https:\/\/gruene-bergedorf.de\/index.php\/wp-json\/wp\/v2\/media?parent=1758"}],"wp:term":[{"taxonomy":"category","embeddable":true,"href":"https:\/\/gruene-bergedorf.de\/index.php\/wp-json\/wp\/v2\/categories?post=1758"},{"taxonomy":"post_tag","embeddable":true,"href":"https:\/\/gruene-bergedorf.de\/index.php\/wp-json\/wp\/v2\/tags?post=1758"}],"curies":[{"name":"wp","href":"https:\/\/api.w.org\/{rel}","templated":true}]}}